{"id":1738,"date":"2026-04-21T08:59:13","date_gmt":"2026-04-21T06:59:13","guid":{"rendered":"https:\/\/zsp5gliwice.pl\/pm5_wp\/?p=1738"},"modified":"2026-04-21T09:01:53","modified_gmt":"2026-04-21T07:01:53","slug":"zajecia-o-segregacji-smieci-i-recyklingu","status":"publish","type":"post","link":"https:\/\/zsp5gliwice.pl\/pm5_wp\/2026\/04\/21\/zajecia-o-segregacji-smieci-i-recyklingu\/","title":{"rendered":"Zaj\u0119cia o segregacji \u015bmieci i recyklingu"},"content":{"rendered":"<p style=\"text-align: center;\">W grupie Biedronek odby\u0142y si\u0119 zaj\u0119cia o segregacji \u015bmieci i recyklingu. Dzieci aktywnie segregowa\u0142y odpady pod kierunkiem pani Agnieszki i pani Joasi. Brawo dla ma\u0142ych ekolog\u00f3w!<\/p>\n<p style=\"text-align: center;\"><img decoding=\"async\" src=\"https:\/\/zsp5gliwice.pl\/pm5_wp\/wp-content\/uploads\/2026\/04\/zajecia-o-segregacji-smieci-i-recyklingu.jpg\"><\/p>\n","protected":false},"excerpt":{"rendered":"<p>W grupie Biedronek odby\u0142y si\u0119 zaj\u0119cia o segregacji \u015bmieci i recyklingu. Dzieci aktywnie segregowa\u0142y odpady pod kierunkiem pani Agnieszki i pani Joasi. Brawo dla ma\u0142ych ekolog\u00f3w!<\/p>\n","protected":false},"author":3,"featured_media":1737,"comment_status":"open","ping_status":"open","sticky":false,"template":"","format":"standard","meta":{"postBodyCss":"","postBodyMargin":[],"postBodyPadding":[],"postBodyBackground":{"backgroundType":"classic","gradient":""},"ngg_post_thumbnail":0,"footnotes":""},"categories":[10,15],"tags":[],"class_list":["post-1738","post","type-post","status-publish","format-standard","has-post-thumbnail","hentry","category-aktualnosci","category-dla-rodzicow"],"_links":{"self":[{"href":"https:\/\/zsp5gliwice.pl\/pm5_wp\/wp-json\/wp\/v2\/posts\/1738","targetHints":{"allow":["GET"]}}],"collection":[{"href":"https:\/\/zsp5gliwice.pl\/pm5_wp\/wp-json\/wp\/v2\/posts"}],"about":[{"href":"https:\/\/zsp5gliwice.pl\/pm5_wp\/wp-json\/wp\/v2\/types\/post"}],"author":[{"embeddable":true,"href":"https:\/\/zsp5gliwice.pl\/pm5_wp\/wp-json\/wp\/v2\/users\/3"}],"replies":[{"embeddable":true,"href":"https:\/\/zsp5gliwice.pl\/pm5_wp\/wp-json\/wp\/v2\/comments?post=1738"}],"version-history":[{"count":8,"href":"https:\/\/zsp5gliwice.pl\/pm5_wp\/wp-json\/wp\/v2\/posts\/1738\/revisions"}],"predecessor-version":[{"id":1746,"href":"https:\/\/zsp5gliwice.pl\/pm5_wp\/wp-json\/wp\/v2\/posts\/1738\/revisions\/1746"}],"wp:featuredmedia":[{"embeddable":true,"href":"https:\/\/zsp5gliwice.pl\/pm5_wp\/wp-json\/wp\/v2\/media\/1737"}],"wp:attachment":[{"href":"https:\/\/zsp5gliwice.pl\/pm5_wp\/wp-json\/wp\/v2\/media?parent=1738"}],"wp:term":[{"taxonomy":"category","embeddable":true,"href":"https:\/\/zsp5gliwice.pl\/pm5_wp\/wp-json\/wp\/v2\/categories?post=1738"},{"taxonomy":"post_tag","embeddable":true,"href":"https:\/\/zsp5gliwice.pl\/pm5_wp\/wp-json\/wp\/v2\/tags?post=1738"}],"curies":[{"name":"wp","href":"https:\/\/api.w.org\/{rel}","templated":true}]}}