{"id":958,"date":"2025-01-08T18:42:14","date_gmt":"2025-01-08T17:42:14","guid":{"rendered":"https:\/\/hosting1939560.online.pro\/autoinstalator\/wordpress1\/?p=958"},"modified":"2025-01-22T14:42:11","modified_gmt":"2025-01-22T13:42:11","slug":"final-33-wielkiej-orkiestry-swiatecznej-pomocy","status":"publish","type":"post","link":"https:\/\/zsp5gliwice.pl\/autoinstalator\/wordpress1\/final-33-wielkiej-orkiestry-swiatecznej-pomocy\/","title":{"rendered":"Fina\u0142 33 Wielkiej Orkiestry \u015awi\u0105tecznej Pomocy!"},"content":{"rendered":"<p style=\"text-align: center;\"><span style=\"color: #000000;\">Mi\u0142o nam poinformowa\u0107, \u017ce w tym roku zn\u00f3w nasza szko\u0142a zn\u00f3w zagra wsp\u00f3lnie z Wielk\u0105 Orkiestr\u0105 \u015awi\u0105tecznej Pomocy!<\/span><\/p>\n<p style=\"text-align: center;\"><span style=\"color: #000000;\">Samorz\u0105d Uczniowski b\u0119dzie chodzi\u0107 z orkiestrow\u0105 puszk\u0105 od pi\u0105tku 10 stycznia, a\u017c do fina\u0142u akcji.<\/span><\/p>\n<p>&nbsp;<\/p>\n","protected":false},"excerpt":{"rendered":"<p>Mi\u0142o nam poinformowa\u0107, \u017ce w tym roku zn\u00f3w nasza szko\u0142a zn\u00f3w zagra wsp\u00f3lnie z Wielk\u0105 [&hellip;]<\/p>\n","protected":false},"author":2,"featured_media":954,"comment_status":"closed","ping_status":"closed","sticky":false,"template":"","format":"standard","meta":{"two_page_speed":[],"footnotes":""},"categories":[8,4],"tags":[],"class_list":["post-958","post","type-post","status-publish","format-standard","has-post-thumbnail","hentry","category-dla-rodzicow","category-z-zycia-szkoly"],"_links":{"self":[{"href":"https:\/\/zsp5gliwice.pl\/autoinstalator\/wordpress1\/wp-json\/wp\/v2\/posts\/958","targetHints":{"allow":["GET"]}}],"collection":[{"href":"https:\/\/zsp5gliwice.pl\/autoinstalator\/wordpress1\/wp-json\/wp\/v2\/posts"}],"about":[{"href":"https:\/\/zsp5gliwice.pl\/autoinstalator\/wordpress1\/wp-json\/wp\/v2\/types\/post"}],"author":[{"embeddable":true,"href":"https:\/\/zsp5gliwice.pl\/autoinstalator\/wordpress1\/wp-json\/wp\/v2\/users\/2"}],"replies":[{"embeddable":true,"href":"https:\/\/zsp5gliwice.pl\/autoinstalator\/wordpress1\/wp-json\/wp\/v2\/comments?post=958"}],"version-history":[{"count":0,"href":"https:\/\/zsp5gliwice.pl\/autoinstalator\/wordpress1\/wp-json\/wp\/v2\/posts\/958\/revisions"}],"wp:featuredmedia":[{"embeddable":true,"href":"https:\/\/zsp5gliwice.pl\/autoinstalator\/wordpress1\/wp-json\/wp\/v2\/media\/954"}],"wp:attachment":[{"href":"https:\/\/zsp5gliwice.pl\/autoinstalator\/wordpress1\/wp-json\/wp\/v2\/media?parent=958"}],"wp:term":[{"taxonomy":"category","embeddable":true,"href":"https:\/\/zsp5gliwice.pl\/autoinstalator\/wordpress1\/wp-json\/wp\/v2\/categories?post=958"},{"taxonomy":"post_tag","embeddable":true,"href":"https:\/\/zsp5gliwice.pl\/autoinstalator\/wordpress1\/wp-json\/wp\/v2\/tags?post=958"}],"curies":[{"name":"wp","href":"https:\/\/api.w.org\/{rel}","templated":true}]}}