{"id":387,"date":"2024-12-17T17:05:37","date_gmt":"2024-12-17T16:05:37","guid":{"rendered":"http:\/\/hosting1939560.online.pro\/autoinstalator\/wordpress1\/?p=387"},"modified":"2024-12-17T17:05:58","modified_gmt":"2024-12-17T16:05:58","slug":"narodowy-program-rozwoju-czytelnictwa","status":"publish","type":"post","link":"https:\/\/zsp5gliwice.pl\/autoinstalator\/wordpress1\/narodowy-program-rozwoju-czytelnictwa\/","title":{"rendered":"Narodowy program rozwoju czytelnictwa"},"content":{"rendered":"<p><span style=\"color: #000000;\"><b>NARODOWY PROGRAM ROZWOJU CZYTELNICTWA &#8211; Wsp\u00f3\u0142praca z Miejsk\u0105 Bibliotek\u0105 Publiczn\u0105 &#8222;Booktalking, czyli ciekawie o ksi\u0105\u017ckach&#8221;.<\/b><\/span><\/p>\n<div>\n<p><span style=\"color: #000000;\"><b>Zaj\u0119cia zosta\u0142y przeprowadzone dla uczni\u00f3w klas 6 ZSP 5.<\/b><\/span><\/p>\n<div>\n<div>\n<p><span style=\"color: #000000;\">Uczniowie na pocz\u0105tku spotkania obejrzeli film &#8222;Dlaczego warto czyta\u0107 ksi\u0105\u017cki?&#8221;, nast\u0119pnie pani Iza z MBP \u00a0przedstawi\u0142a ksi\u0105\u017cki z serii \u201eNastoletnie problemy\u201d, serii \u201eMi\u0119towej\u201d Ewy Nowak oraz z serii \u201ePlus Minus 16\u201d. Uczniowie mieli r\u00f3wnie\u017c okazj\u0119 zapozna\u0107 si\u0119 z \u00a0blogami czytelniczymi i recenzjami (Nastek.pl, Instytut ksi\u0105\u017cki- recenzje dzieci i m\u0142odzie\u017cy),\u00a0<span style=\"color: #800000;\"><a style=\"color: #800000;\" href=\"http:\/\/recenzje-mlodziezowe.blogspot.com\/\" target=\"_blank\" rel=\"noopener noreferrer\" data-saferedirecturl=\"https:\/\/www.google.com\/url?hl=pl&amp;q=http:\/\/recenzje-mlodziezowe.blogspot.com\/&amp;source=gmail&amp;ust=1515154094819000&amp;usg=AFQjCNF3CAUHKwLEjrTat6K9ulQFCrqemA\">http:\/\/recenzje-mlodziezowe.<wbr \/>blogspot.com\/<\/a><\/span>. Pod koniec spotkania uczniowie wzi\u0119li udzia\u0142 w dyskusji na temat\u00a0kryteri\u00f3w wyboru ksi\u0105\u017cek.<\/span><\/p>\n<p><span style=\"color: #000000;\"><b>SERIA: &#8222;Plus minus 16&#8221;<br \/>\n<\/b>Powie\u015bci z tej serii to skok na g\u0142\u0119bok\u0105 wod\u0119; w codzienne problemy m\u0142odzie\u017cy (ch\u0142opak\u00f3w i dziewczyn), ich dyskusje z najbli\u017cszymi, pierwsze powa\u017cne zwi\u0105zki i decyzje. Znajdziecie tu aktualne historie, s\u0142odko-gorzkie \u2013 jak \u017cycie ka\u017cdego, kto ju\u017c troch\u0119 zna smak doros\u0142o\u015bci.<\/span><\/p>\n<\/div>\n<\/div>\n<\/div>\n","protected":false},"excerpt":{"rendered":"<p>NARODOWY PROGRAM ROZWOJU CZYTELNICTWA &#8211; Wsp\u00f3\u0142praca z Miejsk\u0105 Bibliotek\u0105 Publiczn\u0105 &#8222;Booktalking, czyli ciekawie o ksi\u0105\u017ckach&#8221;. [&hellip;]<\/p>\n","protected":false},"author":1,"featured_media":42,"comment_status":"open","ping_status":"open","sticky":false,"template":"","format":"standard","meta":{"two_page_speed":[],"footnotes":""},"categories":[6],"tags":[],"class_list":["post-387","post","type-post","status-publish","format-standard","has-post-thumbnail","hentry","category-biblioteka"],"_links":{"self":[{"href":"https:\/\/zsp5gliwice.pl\/autoinstalator\/wordpress1\/wp-json\/wp\/v2\/posts\/387","targetHints":{"allow":["GET"]}}],"collection":[{"href":"https:\/\/zsp5gliwice.pl\/autoinstalator\/wordpress1\/wp-json\/wp\/v2\/posts"}],"about":[{"href":"https:\/\/zsp5gliwice.pl\/autoinstalator\/wordpress1\/wp-json\/wp\/v2\/types\/post"}],"author":[{"embeddable":true,"href":"https:\/\/zsp5gliwice.pl\/autoinstalator\/wordpress1\/wp-json\/wp\/v2\/users\/1"}],"replies":[{"embeddable":true,"href":"https:\/\/zsp5gliwice.pl\/autoinstalator\/wordpress1\/wp-json\/wp\/v2\/comments?post=387"}],"version-history":[{"count":0,"href":"https:\/\/zsp5gliwice.pl\/autoinstalator\/wordpress1\/wp-json\/wp\/v2\/posts\/387\/revisions"}],"wp:featuredmedia":[{"embeddable":true,"href":"https:\/\/zsp5gliwice.pl\/autoinstalator\/wordpress1\/wp-json\/wp\/v2\/media\/42"}],"wp:attachment":[{"href":"https:\/\/zsp5gliwice.pl\/autoinstalator\/wordpress1\/wp-json\/wp\/v2\/media?parent=387"}],"wp:term":[{"taxonomy":"category","embeddable":true,"href":"https:\/\/zsp5gliwice.pl\/autoinstalator\/wordpress1\/wp-json\/wp\/v2\/categories?post=387"},{"taxonomy":"post_tag","embeddable":true,"href":"https:\/\/zsp5gliwice.pl\/autoinstalator\/wordpress1\/wp-json\/wp\/v2\/tags?post=387"}],"curies":[{"name":"wp","href":"https:\/\/api.w.org\/{rel}","templated":true}]}}