{"id":364,"date":"2024-12-17T16:49:01","date_gmt":"2024-12-17T15:49:01","guid":{"rendered":"http:\/\/hosting1939560.online.pro\/autoinstalator\/wordpress1\/?p=364"},"modified":"2024-12-17T16:53:52","modified_gmt":"2024-12-17T15:53:52","slug":"pasowanie-na-czytelnika-klas-i","status":"publish","type":"post","link":"https:\/\/zsp5gliwice.pl\/autoinstalator\/wordpress1\/pasowanie-na-czytelnika-klas-i\/","title":{"rendered":"Pasowanie na Czytelnika klas I"},"content":{"rendered":"<p><span style=\"color: #000000;\">W ubieg\u0142ym miesi\u0105cu odby\u0142o si\u0119 uroczyste Pasowanie na Czytelnika dla uczni\u00f3w klas I, na kt\u00f3re zaprosi\u0142y Nas Panie Asia i Marta z biblioteki szkolnej. Podczas uroczysto\u015bci nast\u0105pi\u0142o oficjalne przyj\u0119cie najm\u0142odszych uczni\u00f3w naszej szko\u0142y do grona czytelnik\u00f3w biblioteki\u00a0 szkolnej. W tym roku szkolnym w pasowaniu wzi\u0119\u0142y udzia\u0142 cztery klasy I.\u00a0<\/span><\/p>\n<div><span style=\"color: #000000;\">Pierwszaki otrzyma\u0142y gar\u015b\u0107 informacji na temat regulaminu wypo\u017cyczania, zasad post\u0119powania z ksi\u0105\u017ck\u0105 oraz zasad zachowania si\u0119 w bibliotece.\u00a0<\/span><\/div>\n<div><span style=\"color: #000000;\">P\u00f3\u017aniej uczniowie z\u0142o\u017cyli uroczyste przyrzeczenie. Na pami\u0105tk\u0119\u00a0tego dnia otrzymali wyprawki czytelnicze z\u00a0Ministerstwa Kultury i Dziedzictwa Narodowego oraz Instytutu Ksi\u0105\u017cki jako kolejn\u0105 ods\u0142on\u0119 kampanii &#8222;Ma\u0142a ksi\u0105\u017cka-wielki cz\u0142owiek&#8221;.<\/span><\/div>\n<div><\/div>\n<div><span style=\"color: #000000;\">W sk\u0142ad zestawu wchodzi:\u00a0<\/span><\/div>\n<div><span style=\"color: #000000;\">1. Ksi\u0105\u017cka dla uczni\u00f3w pt.\u00a0\u201eWnuczka antykwariusza\u201d \u2013 ksi\u0105\u017cka Justyny Bednarek.<\/span><\/div>\n<div><span style=\"color: #000000;\">2. Broszura informacyjna i poradnik dla rodzic\u00f3w, opiekun\u00f3w\u00a0m\u00f3wi\u0105ca o korzy\u015bciach wynikaj\u0105cych ze wsp\u00f3lnego, rodzinnego czytania pt.\u00a0\u201e Kochasz? Czytaj razem z dzieckiem!\u201d<\/span><\/div>\n<div><\/div>\n<div><span style=\"color: #000000;\">Na zako\u0144czenie uczniowie wypo\u017cyczyli swoj\u0105 pierwsz\u0105 ksi\u0105\u017ck\u0119 i w ten oto spos\u00f3b\u00a0 rozpocz\u0119\u0142a si\u0119 niesamowita, czytelnicza przygoda dzieci.\u00a0<\/span><\/div>\n","protected":false},"excerpt":{"rendered":"<p>W ubieg\u0142ym miesi\u0105cu odby\u0142o si\u0119 uroczyste Pasowanie na Czytelnika dla uczni\u00f3w klas I, na kt\u00f3re [&hellip;]<\/p>\n","protected":false},"author":1,"featured_media":376,"comment_status":"open","ping_status":"open","sticky":false,"template":"","format":"standard","meta":{"two_page_speed":[],"footnotes":""},"categories":[6],"tags":[],"class_list":["post-364","post","type-post","status-publish","format-standard","has-post-thumbnail","hentry","category-biblioteka"],"_links":{"self":[{"href":"https:\/\/zsp5gliwice.pl\/autoinstalator\/wordpress1\/wp-json\/wp\/v2\/posts\/364","targetHints":{"allow":["GET"]}}],"collection":[{"href":"https:\/\/zsp5gliwice.pl\/autoinstalator\/wordpress1\/wp-json\/wp\/v2\/posts"}],"about":[{"href":"https:\/\/zsp5gliwice.pl\/autoinstalator\/wordpress1\/wp-json\/wp\/v2\/types\/post"}],"author":[{"embeddable":true,"href":"https:\/\/zsp5gliwice.pl\/autoinstalator\/wordpress1\/wp-json\/wp\/v2\/users\/1"}],"replies":[{"embeddable":true,"href":"https:\/\/zsp5gliwice.pl\/autoinstalator\/wordpress1\/wp-json\/wp\/v2\/comments?post=364"}],"version-history":[{"count":0,"href":"https:\/\/zsp5gliwice.pl\/autoinstalator\/wordpress1\/wp-json\/wp\/v2\/posts\/364\/revisions"}],"wp:featuredmedia":[{"embeddable":true,"href":"https:\/\/zsp5gliwice.pl\/autoinstalator\/wordpress1\/wp-json\/wp\/v2\/media\/376"}],"wp:attachment":[{"href":"https:\/\/zsp5gliwice.pl\/autoinstalator\/wordpress1\/wp-json\/wp\/v2\/media?parent=364"}],"wp:term":[{"taxonomy":"category","embeddable":true,"href":"https:\/\/zsp5gliwice.pl\/autoinstalator\/wordpress1\/wp-json\/wp\/v2\/categories?post=364"},{"taxonomy":"post_tag","embeddable":true,"href":"https:\/\/zsp5gliwice.pl\/autoinstalator\/wordpress1\/wp-json\/wp\/v2\/tags?post=364"}],"curies":[{"name":"wp","href":"https:\/\/api.w.org\/{rel}","templated":true}]}}