{"id":2347,"date":"2026-04-17T09:52:14","date_gmt":"2026-04-17T07:52:14","guid":{"rendered":"https:\/\/zsp5gliwice.pl\/autoinstalator\/wordpress1\/?p=2347"},"modified":"2026-04-17T09:53:34","modified_gmt":"2026-04-17T07:53:34","slug":"nadanie-imienia-naszej-szkole","status":"publish","type":"post","link":"https:\/\/zsp5gliwice.pl\/autoinstalator\/wordpress1\/nadanie-imienia-naszej-szkole\/","title":{"rendered":"Nadanie imienia naszej szkole"},"content":{"rendered":"<p style=\"text-align: center;\">Uwaga!<\/p>\n<p>\u00a0 \u00a0 W dniu dzisiejszym odb\u0119dzie si\u0119 nadanie imienia naszej szkole. Patronem Szko\u0142y Podstawowej z Oddzia\u0142ami Integracyjnymi nr 1 zosta\u0142 cc p\u0142k Aleksander Tarnawski. Program uroczysto\u015bci:<br \/>\n1. O godzinie 11.00 oficjalna uroczysto\u015b\u0107 w kt\u00f3rej wezm\u0105 udzia\u0142 zaproszeni go\u015bcie. Zaszczyc\u0105 nas swoj\u0105 obecno\u015bci\u0105 w\u0142adze miasta, najwy\u017csi przedstawiciele Wojska Polskiego oraz rodzina i przyjaciele Pana Tarnawskiego. W uroczysto\u015bci bior\u0105 udzia\u0142 dzieci wyznaczone z ka\u017cdej klasy.<br \/>\n2. Od godziny 13.30 do 15.00 odb\u0119d\u0105 si\u0119 w naszej szkole atrakcje przewidziane dla dzieci, mieszka\u0144c\u00f3w i wszystkich zainteresowanych. W ofercie stanowiska jednostek wojskowych GROM i AGAT, 6 BATALIONU POWIETRZNODESANTOWEGO, HARCERZY, warsztaty plastyczne, sala filmowa i wiele innych. Zapraszamy !!!!!!!<\/p>\n<figure id=\"attachment_2348\" aria-describedby=\"caption-attachment-2348\" style=\"width: 419px\" class=\"wp-caption aligncenter\"><img fetchpriority=\"high\" decoding=\"async\" class=\" wp-image-2348\" src=\"http:\/\/zsp5gliwice.pl\/autoinstalator\/wordpress1\/wp-content\/uploads\/2026\/04\/IMG_8131-300x300.jpg\" alt=\"Aleksander Tarnawski\" width=\"419\" height=\"419\" srcset=\"https:\/\/zsp5gliwice.pl\/autoinstalator\/wordpress1\/wp-content\/uploads\/2026\/04\/IMG_8131-300x300.jpg 300w, https:\/\/zsp5gliwice.pl\/autoinstalator\/wordpress1\/wp-content\/uploads\/2026\/04\/IMG_8131-1024x1024.jpg 1024w, https:\/\/zsp5gliwice.pl\/autoinstalator\/wordpress1\/wp-content\/uploads\/2026\/04\/IMG_8131-150x150.jpg 150w, https:\/\/zsp5gliwice.pl\/autoinstalator\/wordpress1\/wp-content\/uploads\/2026\/04\/IMG_8131-768x768.jpg 768w, https:\/\/zsp5gliwice.pl\/autoinstalator\/wordpress1\/wp-content\/uploads\/2026\/04\/IMG_8131-1536x1536.jpg 1536w, https:\/\/zsp5gliwice.pl\/autoinstalator\/wordpress1\/wp-content\/uploads\/2026\/04\/IMG_8131-600x600.jpg 600w, https:\/\/zsp5gliwice.pl\/autoinstalator\/wordpress1\/wp-content\/uploads\/2026\/04\/IMG_8131.jpg 1660w\" sizes=\"(max-width: 419px) 100vw, 419px\" \/><figcaption id=\"caption-attachment-2348\" class=\"wp-caption-text\">Aleksander Tarnawski<\/figcaption><\/figure>\n<p>&nbsp;<\/p>\n","protected":false},"excerpt":{"rendered":"<p>Uwaga! \u00a0 \u00a0 W dniu dzisiejszym odb\u0119dzie si\u0119 nadanie imienia naszej szkole. Patronem Szko\u0142y Podstawowej [&hellip;]<\/p>\n","protected":false},"author":1,"featured_media":2348,"comment_status":"closed","ping_status":"closed","sticky":false,"template":"","format":"standard","meta":{"two_page_speed":[],"footnotes":""},"categories":[8,9,4],"tags":[],"class_list":["post-2347","post","type-post","status-publish","format-standard","has-post-thumbnail","hentry","category-dla-rodzicow","category-dla-uczniow","category-z-zycia-szkoly"],"_links":{"self":[{"href":"https:\/\/zsp5gliwice.pl\/autoinstalator\/wordpress1\/wp-json\/wp\/v2\/posts\/2347","targetHints":{"allow":["GET"]}}],"collection":[{"href":"https:\/\/zsp5gliwice.pl\/autoinstalator\/wordpress1\/wp-json\/wp\/v2\/posts"}],"about":[{"href":"https:\/\/zsp5gliwice.pl\/autoinstalator\/wordpress1\/wp-json\/wp\/v2\/types\/post"}],"author":[{"embeddable":true,"href":"https:\/\/zsp5gliwice.pl\/autoinstalator\/wordpress1\/wp-json\/wp\/v2\/users\/1"}],"replies":[{"embeddable":true,"href":"https:\/\/zsp5gliwice.pl\/autoinstalator\/wordpress1\/wp-json\/wp\/v2\/comments?post=2347"}],"version-history":[{"count":2,"href":"https:\/\/zsp5gliwice.pl\/autoinstalator\/wordpress1\/wp-json\/wp\/v2\/posts\/2347\/revisions"}],"predecessor-version":[{"id":2350,"href":"https:\/\/zsp5gliwice.pl\/autoinstalator\/wordpress1\/wp-json\/wp\/v2\/posts\/2347\/revisions\/2350"}],"wp:featuredmedia":[{"embeddable":true,"href":"https:\/\/zsp5gliwice.pl\/autoinstalator\/wordpress1\/wp-json\/wp\/v2\/media\/2348"}],"wp:attachment":[{"href":"https:\/\/zsp5gliwice.pl\/autoinstalator\/wordpress1\/wp-json\/wp\/v2\/media?parent=2347"}],"wp:term":[{"taxonomy":"category","embeddable":true,"href":"https:\/\/zsp5gliwice.pl\/autoinstalator\/wordpress1\/wp-json\/wp\/v2\/categories?post=2347"},{"taxonomy":"post_tag","embeddable":true,"href":"https:\/\/zsp5gliwice.pl\/autoinstalator\/wordpress1\/wp-json\/wp\/v2\/tags?post=2347"}],"curies":[{"name":"wp","href":"https:\/\/api.w.org\/{rel}","templated":true}]}}