{"id":2308,"date":"2026-03-13T14:19:41","date_gmt":"2026-03-13T13:19:41","guid":{"rendered":"https:\/\/zsp5gliwice.pl\/autoinstalator\/wordpress1\/?p=2308"},"modified":"2026-03-16T14:10:28","modified_gmt":"2026-03-16T13:10:28","slug":"iv-ogolnopolska-konferencja-jestem-rodzicem-wybieram-empatie","status":"publish","type":"post","link":"https:\/\/zsp5gliwice.pl\/autoinstalator\/wordpress1\/iv-ogolnopolska-konferencja-jestem-rodzicem-wybieram-empatie\/","title":{"rendered":"IV Og\u00f3lnopolska Konferencja \u201eJestem Rodzicem \u2013 wybieram empati\u0119\u201d"},"content":{"rendered":"<p style=\"text-align: center;\"><img fetchpriority=\"high\" decoding=\"async\" class=\"alignnone  wp-image-2307\" src=\"http:\/\/zsp5gliwice.pl\/autoinstalator\/wordpress1\/wp-content\/uploads\/2026\/03\/plakat_1-212x300.jpg\" alt=\"\" width=\"343\" height=\"485\" srcset=\"https:\/\/zsp5gliwice.pl\/autoinstalator\/wordpress1\/wp-content\/uploads\/2026\/03\/plakat_1-212x300.jpg 212w, https:\/\/zsp5gliwice.pl\/autoinstalator\/wordpress1\/wp-content\/uploads\/2026\/03\/plakat_1-724x1024.jpg 724w, https:\/\/zsp5gliwice.pl\/autoinstalator\/wordpress1\/wp-content\/uploads\/2026\/03\/plakat_1-768x1086.jpg 768w, https:\/\/zsp5gliwice.pl\/autoinstalator\/wordpress1\/wp-content\/uploads\/2026\/03\/plakat_1-1086x1536.jpg 1086w, https:\/\/zsp5gliwice.pl\/autoinstalator\/wordpress1\/wp-content\/uploads\/2026\/03\/plakat_1-424x600.jpg 424w, https:\/\/zsp5gliwice.pl\/autoinstalator\/wordpress1\/wp-content\/uploads\/2026\/03\/plakat_1.jpg 1414w\" sizes=\"(max-width: 343px) 100vw, 343px\" \/><\/p>\n<p><strong>Temat: Jak wspiera\u0107 dziecko i nie straci\u0107 si\u0142? Zaproszenie na wyj\u0105tkowe wydarzenie dla rodzic\u00f3w<\/strong><\/p>\n<p>Szanowni Pa\u0144stwo,<\/p>\n<p>Wychowanie to jedna z najpi\u0119kniejszych, ale i najtrudniejszych r\u00f3l. Cz\u0119sto czujemy zm\u0119czenie, bezradno\u015b\u0107 wobec dzieci\u0119cych emocji czy l\u0119k o przysz\u0142o\u015b\u0107 naszych dzieci w \u015bwiecie online.<\/p>\n<p>Chcemy Pa\u0144stwa wesprze\u0107 w tych wyzwaniach, dlatego serdecznie zapraszamy na <strong>IV Og\u00f3lnopolsk\u0105 Konferencj\u0119 \u201eJestem Rodzicem \u2013 wybieram empati\u0119\u201d<\/strong>, kt\u00f3ra odb\u0119dzie si\u0119 <strong>21 marca 2026 r. w Gliwicach<\/strong>.<\/p>\n<p><strong>Dlaczego warto wzi\u0105\u0107 udzia\u0142?<\/strong> Zamiast kolejnej listy zada\u0144, otrzymaj\u0105 Pa\u0144stwo praktyczn\u0105 wiedz\u0119 i wsparcie od uznanych ekspert\u00f3w.<\/p>\n<ul>\n<li>Jak reagowa\u0107 na wybuchy z\u0142o\u015bci i trudne emocje dziecka, zachowuj\u0105c w\u0142asny spok\u00f3j.<\/li>\n<li>Jak rozpozna\u0107 \u201emaski l\u0119ku\u201d \u2013 nieoczywiste sygna\u0142y, \u017ce Twoje dziecko sobie nie radzi.<\/li>\n<li>Jak budowa\u0107 autentyczn\u0105 blisko\u015b\u0107 poprzez m\u0105dre przepraszanie i rozmow\u0119.<\/li>\n<li>Jak towarzyszy\u0107 dziecku w kryzysach i m\u0105drze wyznacza\u0107 granice w \u015bwiecie cyfrowym.<\/li>\n<\/ul>\n<p>To czas dla Pa\u0144stwa \u2013 aby z\u0142apa\u0107 oddech, zyska\u0107 now\u0105 perspektyw\u0119 i przekona\u0107 si\u0119, \u017ce w rodzicielstwie nie musimy by\u0107 idealni, by by\u0107 wystarczaj\u0105co dobrymi dla naszych dzieci.<\/p>\n<p><strong>Wydarzenie pod Patronatem Honorowym Prezydentki Miasta Gliwice.<\/strong><\/p>\n<p>Szczeg\u00f3\u0142owy program i zapisy: konferencja.filomata.pl<\/p>\n","protected":false},"excerpt":{"rendered":"<p>Temat: Jak wspiera\u0107 dziecko i nie straci\u0107 si\u0142? Zaproszenie na wyj\u0105tkowe wydarzenie dla rodzic\u00f3w Szanowni [&hellip;]<\/p>\n","protected":false},"author":1,"featured_media":2307,"comment_status":"closed","ping_status":"closed","sticky":false,"template":"","format":"standard","meta":{"two_page_speed":{"previous_score":{"desktop_score":90,"desktop_tti":"1.2\u00a0","mobile_score":71,"mobile_tti":"6.6\u00a0","date":"16.03.2026 02:10:16 pm","status":"completed"},"current_score":{"desktop_score":95,"desktop_tti":"0.9\u00a0","mobile_score":92,"mobile_tti":"2.6\u00a0","date":"16.03.2026 02:11:00 pm","status":"completed"}},"footnotes":""},"categories":[8,4],"tags":[],"class_list":["post-2308","post","type-post","status-publish","format-standard","has-post-thumbnail","hentry","category-dla-rodzicow","category-z-zycia-szkoly"],"_links":{"self":[{"href":"https:\/\/zsp5gliwice.pl\/autoinstalator\/wordpress1\/wp-json\/wp\/v2\/posts\/2308","targetHints":{"allow":["GET"]}}],"collection":[{"href":"https:\/\/zsp5gliwice.pl\/autoinstalator\/wordpress1\/wp-json\/wp\/v2\/posts"}],"about":[{"href":"https:\/\/zsp5gliwice.pl\/autoinstalator\/wordpress1\/wp-json\/wp\/v2\/types\/post"}],"author":[{"embeddable":true,"href":"https:\/\/zsp5gliwice.pl\/autoinstalator\/wordpress1\/wp-json\/wp\/v2\/users\/1"}],"replies":[{"embeddable":true,"href":"https:\/\/zsp5gliwice.pl\/autoinstalator\/wordpress1\/wp-json\/wp\/v2\/comments?post=2308"}],"version-history":[{"count":0,"href":"https:\/\/zsp5gliwice.pl\/autoinstalator\/wordpress1\/wp-json\/wp\/v2\/posts\/2308\/revisions"}],"wp:featuredmedia":[{"embeddable":true,"href":"https:\/\/zsp5gliwice.pl\/autoinstalator\/wordpress1\/wp-json\/wp\/v2\/media\/2307"}],"wp:attachment":[{"href":"https:\/\/zsp5gliwice.pl\/autoinstalator\/wordpress1\/wp-json\/wp\/v2\/media?parent=2308"}],"wp:term":[{"taxonomy":"category","embeddable":true,"href":"https:\/\/zsp5gliwice.pl\/autoinstalator\/wordpress1\/wp-json\/wp\/v2\/categories?post=2308"},{"taxonomy":"post_tag","embeddable":true,"href":"https:\/\/zsp5gliwice.pl\/autoinstalator\/wordpress1\/wp-json\/wp\/v2\/tags?post=2308"}],"curies":[{"name":"wp","href":"https:\/\/api.w.org\/{rel}","templated":true}]}}