{"id":2263,"date":"2026-02-25T10:51:21","date_gmt":"2026-02-25T09:51:21","guid":{"rendered":"https:\/\/zsp5gliwice.pl\/autoinstalator\/wordpress1\/?p=2263"},"modified":"2026-02-25T10:51:21","modified_gmt":"2026-02-25T09:51:21","slug":"przeprowadzenie-postepowania-rekrutacyjnego","status":"publish","type":"post","link":"https:\/\/zsp5gliwice.pl\/autoinstalator\/wordpress1\/przeprowadzenie-postepowania-rekrutacyjnego\/","title":{"rendered":"Przeprowadzenie post\u0119powania rekrutacyjnego"},"content":{"rendered":"<p data-removefontsize=\"true\" data-originalcomputedfontsize=\"16\">Szanowni Rodzice,<\/p>\n<p data-removefontsize=\"true\" data-originalcomputedfontsize=\"16\">na podstawie art. 30 ust. 1 ustawy z dnia 8 marca 1990 r. o samorz\u0105dzie gminnym oraz ustawy z dnia 14 grudnia 2016 r. Prawo o\u015bwiatowe Dyrekcja ZSP nr 5 zarz\u0105dza przeprowadzenie post\u0119powania rekrutacyjnego na rok szkolny 2026\/2027 dla dzieci ucz\u0119szczaj\u0105cych do publicznych przedszkoli i oddzia\u0142\u00f3w przedszkolnych prowadzonych przez <span data-removefontsize=\"true\" data-originalcomputedfontsize=\"16\">Gliwice<\/span>.<\/p>\n<p data-removefontsize=\"true\" data-originalcomputedfontsize=\"16\">Do dnia <strong data-removefontsize=\"true\" data-originalcomputedfontsize=\"16\">6 marca 2026 r.<\/strong>\u00a0prosimy o dostarczenie podpisanych przez Rodzic\u00f3w deklaracji o kontynuowaniu wychowania przedszkolnego w roku szkolnym 2026\/2027.<br \/>\nObowi\u0105zek ten dotyczy dzieci z grup 1 \u2013 8 oraz dzieci, kt\u00f3rym zostanie odroczony obowi\u0105zek szkolny.<\/p>\n<p data-removefontsize=\"true\" data-originalcomputedfontsize=\"16\">Rodzice zobowi\u0105zani s\u0105 do z\u0142o\u017cenia podpis\u00f3w na deklaracji w wyznaczonym terminie. Wymagane s\u0105 podpisy obojga rodzic\u00f3w (matki i ojca).<\/p>\n<p data-removefontsize=\"true\" data-originalcomputedfontsize=\"16\">Rodzic bierze udzia\u0142 w rekrutacji na zasadach okre\u015blonych w Zarz\u0105dzeniu Nr PM-2927\/26 Prezydenta Miasta Gliwice z dnia 23.01.2026 r. (terminy oraz zasady dost\u0119pne s\u0105 na stronie BIP Urz\u0119du Miejskiego).<\/p>\n<p data-removefontsize=\"true\" data-originalcomputedfontsize=\"16\">Deklaracje dost\u0119pne s\u0105 u wychowawc\u00f3w grup.<\/p>\n<p data-removefontsize=\"true\" data-originalcomputedfontsize=\"16\">Prosz\u0119 o bezwzgl\u0119dne przestrzeganie wyznaczonych termin\u00f3w. Niez\u0142o\u017cenie podpisanej deklaracji w terminie b\u0119dzie skutkowa\u0142o brakiem zapewnienia miejsca dla dziecka w PM 5 w nowym roku szkolnym.<\/p>\n<p data-removefontsize=\"true\" data-originalcomputedfontsize=\"16\">Z powa\u017caniem<br \/>\nDyrekcja ZSP nr 5<\/p>\n","protected":false},"excerpt":{"rendered":"<p>Szanowni Rodzice, na podstawie art. 30 ust. 1 ustawy z dnia 8 marca 1990 r. [&hellip;]<\/p>\n","protected":false},"author":1,"featured_media":1993,"comment_status":"closed","ping_status":"closed","sticky":false,"template":"","format":"standard","meta":{"two_page_speed":[],"footnotes":""},"categories":[8,4],"tags":[],"class_list":["post-2263","post","type-post","status-publish","format-standard","has-post-thumbnail","hentry","category-dla-rodzicow","category-z-zycia-szkoly"],"_links":{"self":[{"href":"https:\/\/zsp5gliwice.pl\/autoinstalator\/wordpress1\/wp-json\/wp\/v2\/posts\/2263","targetHints":{"allow":["GET"]}}],"collection":[{"href":"https:\/\/zsp5gliwice.pl\/autoinstalator\/wordpress1\/wp-json\/wp\/v2\/posts"}],"about":[{"href":"https:\/\/zsp5gliwice.pl\/autoinstalator\/wordpress1\/wp-json\/wp\/v2\/types\/post"}],"author":[{"embeddable":true,"href":"https:\/\/zsp5gliwice.pl\/autoinstalator\/wordpress1\/wp-json\/wp\/v2\/users\/1"}],"replies":[{"embeddable":true,"href":"https:\/\/zsp5gliwice.pl\/autoinstalator\/wordpress1\/wp-json\/wp\/v2\/comments?post=2263"}],"version-history":[{"count":0,"href":"https:\/\/zsp5gliwice.pl\/autoinstalator\/wordpress1\/wp-json\/wp\/v2\/posts\/2263\/revisions"}],"wp:featuredmedia":[{"embeddable":true,"href":"https:\/\/zsp5gliwice.pl\/autoinstalator\/wordpress1\/wp-json\/wp\/v2\/media\/1993"}],"wp:attachment":[{"href":"https:\/\/zsp5gliwice.pl\/autoinstalator\/wordpress1\/wp-json\/wp\/v2\/media?parent=2263"}],"wp:term":[{"taxonomy":"category","embeddable":true,"href":"https:\/\/zsp5gliwice.pl\/autoinstalator\/wordpress1\/wp-json\/wp\/v2\/categories?post=2263"},{"taxonomy":"post_tag","embeddable":true,"href":"https:\/\/zsp5gliwice.pl\/autoinstalator\/wordpress1\/wp-json\/wp\/v2\/tags?post=2263"}],"curies":[{"name":"wp","href":"https:\/\/api.w.org\/{rel}","templated":true}]}}