{"id":1415,"date":"2025-03-07T07:46:06","date_gmt":"2025-03-07T06:46:06","guid":{"rendered":"https:\/\/hosting1939560.online.pro\/autoinstalator\/wordpress1\/?p=1415"},"modified":"2025-03-13T18:37:32","modified_gmt":"2025-03-13T17:37:32","slug":"1415-2","status":"publish","type":"post","link":"https:\/\/zsp5gliwice.pl\/autoinstalator\/wordpress1\/1415-2\/","title":{"rendered":"Wernisa\u017c prac plastycznych uczni\u00f3w klas 1-3"},"content":{"rendered":"<p style=\"text-align: center;\">Wernisa\u017c prac plastycznych uczni\u00f3w klas 1-3<br \/>\nSzko\u0142y Podstawowej nr 1 w Gliwicach pt. \u201eLiczby w przyrodzie\u201d!<\/p>\n<p style=\"text-align: center;\"><a href=\"http:\/\/hosting1939560.online.pro\/autoinstalator\/wordpress1\/wp-content\/uploads\/2025\/03\/wernisaz-info.pdf\">wernisa\u017c info<\/a> &#8211; pdf<\/p>\n<p>&nbsp;<\/p>\n","protected":false},"excerpt":{"rendered":"<p>Wernisa\u017c prac plastycznych uczni\u00f3w klas 1-3 Szko\u0142y Podstawowej nr 1 w Gliwicach pt. \u201eLiczby w [&hellip;]<\/p>\n","protected":false},"author":2,"featured_media":38,"comment_status":"closed","ping_status":"closed","sticky":false,"template":"","format":"standard","meta":{"two_page_speed":[],"footnotes":""},"categories":[4],"tags":[],"class_list":["post-1415","post","type-post","status-publish","format-standard","has-post-thumbnail","hentry","category-z-zycia-szkoly"],"_links":{"self":[{"href":"https:\/\/zsp5gliwice.pl\/autoinstalator\/wordpress1\/wp-json\/wp\/v2\/posts\/1415","targetHints":{"allow":["GET"]}}],"collection":[{"href":"https:\/\/zsp5gliwice.pl\/autoinstalator\/wordpress1\/wp-json\/wp\/v2\/posts"}],"about":[{"href":"https:\/\/zsp5gliwice.pl\/autoinstalator\/wordpress1\/wp-json\/wp\/v2\/types\/post"}],"author":[{"embeddable":true,"href":"https:\/\/zsp5gliwice.pl\/autoinstalator\/wordpress1\/wp-json\/wp\/v2\/users\/2"}],"replies":[{"embeddable":true,"href":"https:\/\/zsp5gliwice.pl\/autoinstalator\/wordpress1\/wp-json\/wp\/v2\/comments?post=1415"}],"version-history":[{"count":0,"href":"https:\/\/zsp5gliwice.pl\/autoinstalator\/wordpress1\/wp-json\/wp\/v2\/posts\/1415\/revisions"}],"wp:featuredmedia":[{"embeddable":true,"href":"https:\/\/zsp5gliwice.pl\/autoinstalator\/wordpress1\/wp-json\/wp\/v2\/media\/38"}],"wp:attachment":[{"href":"https:\/\/zsp5gliwice.pl\/autoinstalator\/wordpress1\/wp-json\/wp\/v2\/media?parent=1415"}],"wp:term":[{"taxonomy":"category","embeddable":true,"href":"https:\/\/zsp5gliwice.pl\/autoinstalator\/wordpress1\/wp-json\/wp\/v2\/categories?post=1415"},{"taxonomy":"post_tag","embeddable":true,"href":"https:\/\/zsp5gliwice.pl\/autoinstalator\/wordpress1\/wp-json\/wp\/v2\/tags?post=1415"}],"curies":[{"name":"wp","href":"https:\/\/api.w.org\/{rel}","templated":true}]}}