{"id":738,"date":"2024-12-27T14:35:34","date_gmt":"2024-12-27T13:35:34","guid":{"rendered":"https:\/\/hosting1939560.online.pro\/autoinstalator\/wordpress1\/?p=738"},"modified":"2025-01-22T14:52:59","modified_gmt":"2025-01-22T13:52:59","slug":"738","status":"publish","type":"post","link":"http:\/\/zsp5gliwice.pl\/autoinstalator\/wordpress1\/738\/","title":{"rendered":"Sukces uczni\u00f3w klas IV"},"content":{"rendered":"<p><span style=\"font-family: Alata; color: #000000;\">Dnia 10 grudnia 2024 r. uczniowie klasy 4b <em>Igor<\/em> Guzik oraz Kacper Sobek zaj\u0119li pierwsze miejsce w Mi\u0119dzyszkolnym Konkursie Przyrodniczym dla klas IV \u201eObserwujemy przyrod\u0119 wok\u00f3\u0142 nas\u201d. Konkurs zorganizowa\u0142a Szko\u0142a Podstawowa nr 13 im. Krystyny Bochenek w ramach Dni Gliwickich M\u0142odych Naukowc\u00f3w. Gratulujemy sukcesu! Przygotowanie: Krzysztof Ciemny.<\/span><\/p>\n<p><a href=\"http:\/\/hosting1939560.online.pro\/autoinstalator\/wordpress1\/wp-content\/uploads\/2024\/12\/konkurs_przyroda.jpg\"><img fetchpriority=\"high\" decoding=\"async\" class=\"aligncenter wp-image-739 size-medium\" src=\"http:\/\/hosting1939560.online.pro\/autoinstalator\/wordpress1\/wp-content\/uploads\/2024\/12\/konkurs_przyroda-300x300.jpg\" alt=\"Kola\u017c zdj\u0119\u0107 z konkursu przyrodniczego, na zdj\u0119ciach uczniowie bior\u0105cy udzia\u0142 w konkursie i nauczyciele.\" width=\"300\" height=\"300\" srcset=\"http:\/\/zsp5gliwice.pl\/autoinstalator\/wordpress1\/wp-content\/uploads\/2024\/12\/konkurs_przyroda-300x300.jpg 300w, http:\/\/zsp5gliwice.pl\/autoinstalator\/wordpress1\/wp-content\/uploads\/2024\/12\/konkurs_przyroda-1024x1024.jpg 1024w, http:\/\/zsp5gliwice.pl\/autoinstalator\/wordpress1\/wp-content\/uploads\/2024\/12\/konkurs_przyroda-150x150.jpg 150w, http:\/\/zsp5gliwice.pl\/autoinstalator\/wordpress1\/wp-content\/uploads\/2024\/12\/konkurs_przyroda-768x768.jpg 768w, http:\/\/zsp5gliwice.pl\/autoinstalator\/wordpress1\/wp-content\/uploads\/2024\/12\/konkurs_przyroda.jpg 1200w\" sizes=\"(max-width: 300px) 100vw, 300px\" \/><\/a><\/p>\n","protected":false},"excerpt":{"rendered":"<p>Dnia 10 grudnia 2024 r. uczniowie klasy 4b Igor Guzik oraz Kacper Sobek zaj\u0119li pierwsze [&hellip;]<\/p>\n","protected":false},"author":1,"featured_media":1318,"comment_status":"closed","ping_status":"closed","sticky":false,"template":"","format":"standard","meta":{"two_page_speed":[],"footnotes":""},"categories":[4],"tags":[],"class_list":["post-738","post","type-post","status-publish","format-standard","has-post-thumbnail","hentry","category-z-zycia-szkoly"],"_links":{"self":[{"href":"http:\/\/zsp5gliwice.pl\/autoinstalator\/wordpress1\/wp-json\/wp\/v2\/posts\/738","targetHints":{"allow":["GET"]}}],"collection":[{"href":"http:\/\/zsp5gliwice.pl\/autoinstalator\/wordpress1\/wp-json\/wp\/v2\/posts"}],"about":[{"href":"http:\/\/zsp5gliwice.pl\/autoinstalator\/wordpress1\/wp-json\/wp\/v2\/types\/post"}],"author":[{"embeddable":true,"href":"http:\/\/zsp5gliwice.pl\/autoinstalator\/wordpress1\/wp-json\/wp\/v2\/users\/1"}],"replies":[{"embeddable":true,"href":"http:\/\/zsp5gliwice.pl\/autoinstalator\/wordpress1\/wp-json\/wp\/v2\/comments?post=738"}],"version-history":[{"count":0,"href":"http:\/\/zsp5gliwice.pl\/autoinstalator\/wordpress1\/wp-json\/wp\/v2\/posts\/738\/revisions"}],"wp:featuredmedia":[{"embeddable":true,"href":"http:\/\/zsp5gliwice.pl\/autoinstalator\/wordpress1\/wp-json\/wp\/v2\/media\/1318"}],"wp:attachment":[{"href":"http:\/\/zsp5gliwice.pl\/autoinstalator\/wordpress1\/wp-json\/wp\/v2\/media?parent=738"}],"wp:term":[{"taxonomy":"category","embeddable":true,"href":"http:\/\/zsp5gliwice.pl\/autoinstalator\/wordpress1\/wp-json\/wp\/v2\/categories?post=738"},{"taxonomy":"post_tag","embeddable":true,"href":"http:\/\/zsp5gliwice.pl\/autoinstalator\/wordpress1\/wp-json\/wp\/v2\/tags?post=738"}],"curies":[{"name":"wp","href":"https:\/\/api.w.org\/{rel}","templated":true}]}}