{"id":1427,"date":"2025-03-12T07:49:38","date_gmt":"2025-03-12T06:49:38","guid":{"rendered":"https:\/\/hosting1939560.online.pro\/autoinstalator\/wordpress1\/?p=1427"},"modified":"2025-03-12T07:53:04","modified_gmt":"2025-03-12T06:53:04","slug":"rekrutacja-do-szkol-ponadpodstawowych","status":"publish","type":"post","link":"http:\/\/zsp5gliwice.pl\/autoinstalator\/wordpress1\/rekrutacja-do-szkol-ponadpodstawowych\/","title":{"rendered":"Rekrutacja do szk\u00f3\u0142 ponadpodstawowych"},"content":{"rendered":"<p>Szanowni Pa\u0144stwo, ju\u017c od jakiego\u015b czasu na stronach www gliwickich szk\u00f3\u0142 ukazuj\u0105 si\u0119 informacje dotycz\u0105ce warunk\u00f3w rekrutacji do szk\u00f3\u0142 ponadpodstawowych. Zach\u0119cam do zapoznawania si\u0119 z nimi. Podaj\u0119 linka do strony BIP UM Gliwice, gdzie znajdziecie Pa\u0144stwo podleg\u0142e mu szko\u0142y : licea technika oraz szko\u0142y bran\u017cowa:<br \/>\nhttps:\/\/bip.gliwice.eu\/jednostki-organizacyjne-miasta<br \/>\nJednocze\u015bnie informuj\u0119, ze jestem dost\u0119pna dla Pa\u0144stwa i uczni\u00f3w w ka\u017cdy wtorek 14:30 &#8211; 15:30\u00a0 w formie konsultacji indywidualnych. Zapraszam do kontaktu &#8211; uprzejmie prosz\u0119 jedynie o wcze\u015bniejsz\u0105 informacj\u0119 poprzez dziennik elektroniczny.<\/p>\n<p style=\"text-align: right;\">Z pozdrowieniami<br \/>\nAnna R\u0119bisz<\/p>\n","protected":false},"excerpt":{"rendered":"<p>Szanowni Pa\u0144stwo, ju\u017c od jakiego\u015b czasu na stronach www gliwickich szk\u00f3\u0142 ukazuj\u0105 si\u0119 informacje dotycz\u0105ce [&hellip;]<\/p>\n","protected":false},"author":2,"featured_media":1429,"comment_status":"closed","ping_status":"closed","sticky":false,"template":"","format":"standard","meta":{"two_page_speed":[],"footnotes":""},"categories":[8,9,4],"tags":[],"class_list":["post-1427","post","type-post","status-publish","format-standard","has-post-thumbnail","hentry","category-dla-rodzicow","category-dla-uczniow","category-z-zycia-szkoly"],"_links":{"self":[{"href":"http:\/\/zsp5gliwice.pl\/autoinstalator\/wordpress1\/wp-json\/wp\/v2\/posts\/1427","targetHints":{"allow":["GET"]}}],"collection":[{"href":"http:\/\/zsp5gliwice.pl\/autoinstalator\/wordpress1\/wp-json\/wp\/v2\/posts"}],"about":[{"href":"http:\/\/zsp5gliwice.pl\/autoinstalator\/wordpress1\/wp-json\/wp\/v2\/types\/post"}],"author":[{"embeddable":true,"href":"http:\/\/zsp5gliwice.pl\/autoinstalator\/wordpress1\/wp-json\/wp\/v2\/users\/2"}],"replies":[{"embeddable":true,"href":"http:\/\/zsp5gliwice.pl\/autoinstalator\/wordpress1\/wp-json\/wp\/v2\/comments?post=1427"}],"version-history":[{"count":0,"href":"http:\/\/zsp5gliwice.pl\/autoinstalator\/wordpress1\/wp-json\/wp\/v2\/posts\/1427\/revisions"}],"wp:featuredmedia":[{"embeddable":true,"href":"http:\/\/zsp5gliwice.pl\/autoinstalator\/wordpress1\/wp-json\/wp\/v2\/media\/1429"}],"wp:attachment":[{"href":"http:\/\/zsp5gliwice.pl\/autoinstalator\/wordpress1\/wp-json\/wp\/v2\/media?parent=1427"}],"wp:term":[{"taxonomy":"category","embeddable":true,"href":"http:\/\/zsp5gliwice.pl\/autoinstalator\/wordpress1\/wp-json\/wp\/v2\/categories?post=1427"},{"taxonomy":"post_tag","embeddable":true,"href":"http:\/\/zsp5gliwice.pl\/autoinstalator\/wordpress1\/wp-json\/wp\/v2\/tags?post=1427"}],"curies":[{"name":"wp","href":"https:\/\/api.w.org\/{rel}","templated":true}]}}